{"id":356,"date":"2025-04-22T07:00:49","date_gmt":"2025-04-22T07:00:49","guid":{"rendered":"https:\/\/jaktodelamemy.cz\/?p=356"},"modified":"2025-04-22T07:02:32","modified_gmt":"2025-04-22T07:02:32","slug":"canva-maraton","status":"publish","type":"post","link":"https:\/\/jaktodelamemy.cz\/?p=356","title":{"rendered":"Canva Maraton 24. &#8211; 25. 5. 2025"},"content":{"rendered":"<h4><strong>Tak jo, \u0159ekli jste si o to, tak tady to m\u00e1te&#8230;<\/strong><\/h4>\n<p class=\"\" data-start=\"138\" data-end=\"446\"><strong data-start=\"138\" data-end=\"155\">Canva maraton<\/strong> \u2013 v\u00edkendovka se skv\u011bl\u00fdmi lektory a Canvou.<\/p>\n<p class=\"\" data-start=\"138\" data-end=\"446\">Celou sobotu a celou ned\u011bli jen <strong data-start=\"233\" data-end=\"256\">Canva, Canva, Canva<\/strong>\u2026<br data-start=\"257\" data-end=\"260\" \/>Ale taky sd\u00edlen\u00ed n\u00e1pad\u016f, inspirace do v\u00fduky, pohodov\u00e1 atmosf\u00e9ra a hlavn\u011b lidi, co to maj\u00ed nastaveno stejn\u011b jako ty a j\u00e1 \u2013 miluj\u00ed kreativitu a cht\u011bj\u00ed se neust\u00e1le zlep\u0161ovat a vzd\u011bl\u00e1vat.<\/p>\n<p class=\"\" data-start=\"448\" data-end=\"617\"><strong data-start=\"448\" data-end=\"518\">Canva maraton nen\u00ed jen workshop, je to nab\u00edje\u010dka pro du\u0161i u\u010ditele.<\/strong><br data-start=\"518\" data-end=\"521\" \/>Tak\u017ee vezmi notebook a p\u0159idej se k n\u00e1m <strong data-start=\"560\" data-end=\"617\">24. \u2013 25. 5. 2025 v prostor\u00e1ch Z\u0160 logopedick\u00e9, Ostrava.<\/strong><\/p>\n<p data-start=\"448\" data-end=\"617\">Za\u010d\u00edn\u00e1me v sobotu v 9:00 a pojedeme a\u017e do 19:00, pak v ned\u011bli v 8:00 a kon\u010d\u00edme v 16:00. Ob\u010derstven\u00ed bude p\u0159ipraveno (nezapome\u0148 v registra\u010dn\u00edm formul\u00e1\u0159i za\u0161krtnou, pokud m\u00e1\u0161 dietn\u00ed omezen\u00ed).<\/p>\n<p data-start=\"448\" data-end=\"617\">Na co ur\u010dit\u011b p\u0159ijde \u0159e\u010d? Tvorba p\u0159\u00edprav a materi\u00e1l\u016f do v\u00fduky, \u0161ablony a jejich \u00faprava, \u00faprava fotek, pr\u00e1ce s AI, p\u0159edstaven\u00ed novinek, zabrous\u00edme i do nov\u00e9ho RVP a digikompetenc\u00ed, pr\u00e1ce s aplikacemi a mnoho dal\u0161\u00edho. A hlavn\u011b tvo\u0159en\u00ed, tvo\u0159en\u00ed, tvo\u0159en\u00ed &#8211; po tomhle v\u00edkendu bude\u0161 m\u00edt materi\u00e1l\u016f do v\u00fduky, asi tak na rok dop\u0159edu \ud83d\ude00<\/p>\n<p data-start=\"448\" data-end=\"617\">Canva maraton je vhodn\u00fd pro za\u010d\u00e1te\u010dn\u00edky i pokro\u010dil\u00e9, v\u0161ichni si p\u0159ijdou na sv\u00e9.<\/p>\n<p data-start=\"448\" data-end=\"617\">5500,- v cen\u011b lekto\u0159i, ob\u010derstven\u00ed (mo\u017enost platit z OP JAK)<\/p>\n<blockquote>\n<h4><span style=\"color: #ff0000;\"><a style=\"color: #ff0000;\" href=\"https:\/\/tunkerova.cz\/skoleni\/canva-maraton\/\">Registruj se zde<\/a><\/span><\/h4>\n<\/blockquote>\n<p>&nbsp;<\/p>\n<p><img decoding=\"async\" class=\"alignnone wp-image-358 size-post-thumbnail\" src=\"https:\/\/jaktodelamemy.cz\/wp-content\/uploads\/2025\/04\/Canva-21-x-21-cm-1024x1024-1-1024x765.png\" alt=\"\" width=\"910\" height=\"680\" \/><\/p>\n","protected":false},"excerpt":{"rendered":"<p>Tak jo, \u0159ekli jste si o to, tak tady to m\u00e1te&#8230; Canva maraton \u2013 v\u00edkendovka se skv\u011bl\u00fdmi lektory a Canvou. Celou sobotu a celou ned\u011bli jen Canva, Canva, Canva\u2026Ale taky sd\u00edlen\u00ed n\u00e1pad\u016f, inspirace do v\u00fduky, pohodov\u00e1 atmosf\u00e9ra a hlavn\u011b lidi, co to maj\u00ed nastaveno stejn\u011b jako ty a j\u00e1 \u2013 miluj\u00ed kreativitu a cht\u011bj\u00ed se [&hellip;]<\/p>\n","protected":false},"author":1,"featured_media":357,"comment_status":"closed","ping_status":"closed","sticky":false,"template":"","format":"standard","meta":{"footnotes":""},"categories":[54],"tags":[61,56,63,62,64],"class_list":["post-356","post","type-post","status-publish","format-standard","has-post-thumbnail","hentry","category-skoleni","tag-canva","tag-dvpp","tag-maraton","tag-op-jak","tag-skoleni"],"_links":{"self":[{"href":"https:\/\/jaktodelamemy.cz\/index.php?rest_route=\/wp\/v2\/posts\/356","targetHints":{"allow":["GET"]}}],"collection":[{"href":"https:\/\/jaktodelamemy.cz\/index.php?rest_route=\/wp\/v2\/posts"}],"about":[{"href":"https:\/\/jaktodelamemy.cz\/index.php?rest_route=\/wp\/v2\/types\/post"}],"author":[{"embeddable":true,"href":"https:\/\/jaktodelamemy.cz\/index.php?rest_route=\/wp\/v2\/users\/1"}],"replies":[{"embeddable":true,"href":"https:\/\/jaktodelamemy.cz\/index.php?rest_route=%2Fwp%2Fv2%2Fcomments&post=356"}],"version-history":[{"count":2,"href":"https:\/\/jaktodelamemy.cz\/index.php?rest_route=\/wp\/v2\/posts\/356\/revisions"}],"predecessor-version":[{"id":361,"href":"https:\/\/jaktodelamemy.cz\/index.php?rest_route=\/wp\/v2\/posts\/356\/revisions\/361"}],"wp:featuredmedia":[{"embeddable":true,"href":"https:\/\/jaktodelamemy.cz\/index.php?rest_route=\/wp\/v2\/media\/357"}],"wp:attachment":[{"href":"https:\/\/jaktodelamemy.cz\/index.php?rest_route=%2Fwp%2Fv2%2Fmedia&parent=356"}],"wp:term":[{"taxonomy":"category","embeddable":true,"href":"https:\/\/jaktodelamemy.cz\/index.php?rest_route=%2Fwp%2Fv2%2Fcategories&post=356"},{"taxonomy":"post_tag","embeddable":true,"href":"https:\/\/jaktodelamemy.cz\/index.php?rest_route=%2Fwp%2Fv2%2Ftags&post=356"}],"curies":[{"name":"wp","href":"https:\/\/api.w.org\/{rel}","templated":true}]}}