{"id":191,"date":"2025-02-23T20:46:01","date_gmt":"2025-02-23T20:46:01","guid":{"rendered":"https:\/\/jaktodelamemy.cz\/?p=191"},"modified":"2025-08-21T15:45:32","modified_gmt":"2025-08-21T15:45:32","slug":"tvary-kolem-nas","status":"publish","type":"post","link":"https:\/\/jaktodelamemy.cz\/?p=191","title":{"rendered":"Tvary kolem n\u00e1s"},"content":{"rendered":"<p>Geometrick\u00e9 tvary jsou kl\u00ed\u010dov\u00e9 pro spr\u00e1vn\u00fd rozvoj d\u011bt\u00ed. Pom\u00e1haj\u00ed rozli\u0161ovat rozd\u00edly mezi tvary v\u011bc\u00ed, obr\u00e1zk\u016f, symbol\u016f a podporuj\u00ed rozvoj zrakov\u00e9ho vn\u00edm\u00e1n\u00ed.<\/p>\n<p>S t\u00edmto materi\u00e1lem se d\u011bti soust\u0159ed\u00ed na spr\u00e1vn\u00fd tvar, barvu, velikost a prostorovou orientaci.<\/p>\n<p><b>Co v\u0161echno materi\u00e1l obsahuje?<\/b><b><\/b><\/p>\n<ul>\n<li>72 stran pln\u00fdch z\u00e1bavn\u00fdch aktivit.<\/li>\n<li>Tr\u00e9nink pam\u011bti, pozornosti a logick\u00e9ho my\u0161len\u00ed.<\/li>\n<li>Pom\u00e1h\u00e1 rozli\u0161ovat geometrick\u00e9 tvary a barvy.<\/li>\n<\/ul>\n<p>Kompletn\u00ed z\u00e1sobn\u00edk v .pdf ke <strong><a href=\"https:\/\/jaktodelamemy.cz\/wp-content\/uploads\/2025\/08\/tvary-kolem-nas-geom.tvary-1.pdf\">sta\u017een\u00ed zde.<\/a><\/strong><\/p>\n<p><b>Tip:<\/b> Materi\u00e1l je skv\u011bl\u00e9 zalaminovat pro del\u0161\u00ed \u017eivotnost!<\/p>\n<p><img decoding=\"async\" class=\"alignnone wp-image-192 size-large\" src=\"https:\/\/jaktodelamemy.cz\/wp-content\/uploads\/2025\/02\/Snimek-obrazovky-2025-02-23-v-21.31.57-1024x725.png\" alt=\"\" width=\"910\" height=\"644\" srcset=\"https:\/\/jaktodelamemy.cz\/wp-content\/uploads\/2025\/02\/Snimek-obrazovky-2025-02-23-v-21.31.57-1024x725.png 1024w, https:\/\/jaktodelamemy.cz\/wp-content\/uploads\/2025\/02\/Snimek-obrazovky-2025-02-23-v-21.31.57-300x212.png 300w, https:\/\/jaktodelamemy.cz\/wp-content\/uploads\/2025\/02\/Snimek-obrazovky-2025-02-23-v-21.31.57-768x544.png 768w, https:\/\/jaktodelamemy.cz\/wp-content\/uploads\/2025\/02\/Snimek-obrazovky-2025-02-23-v-21.31.57.png 1322w\" sizes=\"(max-width: 910px) 100vw, 910px\" \/><\/p>\n","protected":false},"excerpt":{"rendered":"<p>Geometrick\u00e9 tvary jsou kl\u00ed\u010dov\u00e9 pro spr\u00e1vn\u00fd rozvoj d\u011bt\u00ed. Pom\u00e1haj\u00ed rozli\u0161ovat rozd\u00edly mezi tvary v\u011bc\u00ed, obr\u00e1zk\u016f, symbol\u016f a podporuj\u00ed rozvoj zrakov\u00e9ho vn\u00edm\u00e1n\u00ed. S t\u00edmto materi\u00e1lem se d\u011bti soust\u0159ed\u00ed na spr\u00e1vn\u00fd tvar, barvu, velikost a prostorovou orientaci. Co v\u0161echno materi\u00e1l obsahuje? 72 stran pln\u00fdch z\u00e1bavn\u00fdch aktivit. Tr\u00e9nink pam\u011bti, pozornosti a logick\u00e9ho my\u0161len\u00ed. Pom\u00e1h\u00e1 rozli\u0161ovat geometrick\u00e9 tvary a [&hellip;]<\/p>\n","protected":false},"author":1,"featured_media":192,"comment_status":"closed","ping_status":"closed","sticky":false,"template":"","format":"standard","meta":{"footnotes":""},"categories":[98],"tags":[34,36],"class_list":["post-191","post","type-post","status-publish","format-standard","has-post-thumbnail","hentry","category-materialy","tag-barvy","tag-tvary"],"_links":{"self":[{"href":"https:\/\/jaktodelamemy.cz\/index.php?rest_route=\/wp\/v2\/posts\/191","targetHints":{"allow":["GET"]}}],"collection":[{"href":"https:\/\/jaktodelamemy.cz\/index.php?rest_route=\/wp\/v2\/posts"}],"about":[{"href":"https:\/\/jaktodelamemy.cz\/index.php?rest_route=\/wp\/v2\/types\/post"}],"author":[{"embeddable":true,"href":"https:\/\/jaktodelamemy.cz\/index.php?rest_route=\/wp\/v2\/users\/1"}],"replies":[{"embeddable":true,"href":"https:\/\/jaktodelamemy.cz\/index.php?rest_route=%2Fwp%2Fv2%2Fcomments&post=191"}],"version-history":[{"count":2,"href":"https:\/\/jaktodelamemy.cz\/index.php?rest_route=\/wp\/v2\/posts\/191\/revisions"}],"predecessor-version":[{"id":551,"href":"https:\/\/jaktodelamemy.cz\/index.php?rest_route=\/wp\/v2\/posts\/191\/revisions\/551"}],"wp:featuredmedia":[{"embeddable":true,"href":"https:\/\/jaktodelamemy.cz\/index.php?rest_route=\/wp\/v2\/media\/192"}],"wp:attachment":[{"href":"https:\/\/jaktodelamemy.cz\/index.php?rest_route=%2Fwp%2Fv2%2Fmedia&parent=191"}],"wp:term":[{"taxonomy":"category","embeddable":true,"href":"https:\/\/jaktodelamemy.cz\/index.php?rest_route=%2Fwp%2Fv2%2Fcategories&post=191"},{"taxonomy":"post_tag","embeddable":true,"href":"https:\/\/jaktodelamemy.cz\/index.php?rest_route=%2Fwp%2Fv2%2Ftags&post=191"}],"curies":[{"name":"wp","href":"https:\/\/api.w.org\/{rel}","templated":true}]}}